[{"@context":"https:\/\/schema.org\/","@type":"Article","@id":"https:\/\/www.bumbum.cz\/kdy-je-vhodna-ozdoba-do-vlasu\/#Article","mainEntityOfPage":"https:\/\/www.bumbum.cz\/kdy-je-vhodna-ozdoba-do-vlasu\/","headline":"Kdy je vhodn\u00e1 ozdoba do vlas\u016f","name":"Kdy je vhodn\u00e1 ozdoba do vlas\u016f","description":"Je jen p\u0159irozen\u00e9, \u017ee se lid\u00e9 cht\u011bj\u00ed ostatn\u00edm l\u00edbit. Tuto vlastnost najdeme u obou pohlav\u00ed, av\u0161ak u \u017een b\u00fdv\u00e1 podstatn\u011b v\u00fdrazn\u011bj\u0161\u00ed. Nen\u00ed tedy divu, \u017ee se sna\u017e\u00ed sv\u016fj vzhled zlep\u0161it nejr\u016fzn\u011bj\u0161\u00edmi dopl\u0148ky a p\u0159\u00edpravky. P\u0159\u00edkladem m\u016f\u017ee b\u00fdt ozdoba do vlas\u016f. Jedn\u00e1 se o drobn\u00e9, nej\u010dast\u011bji plastov\u00e9 dekorace, kter\u00e9 se p\u0159ipojuj\u00ed k vlas\u016fm bu\u010f gumi\u010dkou \u010di&hellip; <div><a class=\"more-link\" href=\"https:\/\/www.bumbum.cz\/kdy-je-vhodna-ozdoba-do-vlasu\/\">Pokra\u010dovat ve \u010dten\u00ed... <span class=\"screen-reader-text\">Kdy je vhodn\u00e1 ozdoba do vlas\u016f<\/span><\/a><\/div>","datePublished":"2021-09-22","dateModified":"2021-09-22","author":{"@type":"Person","@id":"https:\/\/www.bumbum.cz\/author\/#Person","name":"bumbum.cz\n","url":"https:\/\/www.bumbum.cz\/author\/","identifier":1,"image":{"@type":"ImageObject","@id":"https:\/\/secure.gravatar.com\/avatar\/2b882a21216b34ba28e79730eea9356b725e9a0bf9885ae3bedd792ae606fb10?s=96&d=mm&r=g","url":"https:\/\/secure.gravatar.com\/avatar\/2b882a21216b34ba28e79730eea9356b725e9a0bf9885ae3bedd792ae606fb10?s=96&d=mm&r=g","height":96,"width":96}},"publisher":{"@type":"Organization","name":"bumbum.cz","logo":{"@type":"ImageObject","@id":"\/logo.png","url":"\/logo.png","width":600,"height":60}},"image":{"@type":"ImageObject","@id":"https:\/\/www.bumbum.cz\/wp-content\/uploads\/ozdobavlasy1.png","url":"https:\/\/www.bumbum.cz\/wp-content\/uploads\/ozdobavlasy1.png","height":0,"width":0},"url":"https:\/\/www.bumbum.cz\/kdy-je-vhodna-ozdoba-do-vlasu\/","about":["Produkty"],"wordCount":421,"articleBody":"   Je jen p\u0159irozen\u00e9, \u017ee se lid\u00e9 cht\u011bj\u00ed ostatn\u00edm l\u00edbit. Tuto vlastnost najdeme u obou pohlav\u00ed, av\u0161ak u \u017een b\u00fdv\u00e1 podstatn\u011b v\u00fdrazn\u011bj\u0161\u00ed. Nen\u00ed tedy divu, \u017ee se sna\u017e\u00ed sv\u016fj vzhled zlep\u0161it nejr\u016fzn\u011bj\u0161\u00edmi dopl\u0148ky a p\u0159\u00edpravky. P\u0159\u00edkladem m\u016f\u017ee b\u00fdt ozdoba do vlas\u016f.Jedn\u00e1 se o drobn\u00e9, nej\u010dast\u011bji plastov\u00e9 dekorace, kter\u00e9 se p\u0159ipojuj\u00ed k vlas\u016fm bu\u010f gumi\u010dkou \u010di jin\u00fdm zp\u016fsobem. Jejich c\u00edlem je zv\u00fdraznit ur\u010dit\u00fd rys, a obvykle lad\u00ed se zvolen\u00fdm oble\u010den\u00edm a dopl\u0148ky. Je tedy jasn\u00e9, \u017ee mohou m\u00edt nejr\u016fzn\u011bj\u0161\u00ed tvar i proveden\u00ed.Zde v\u0161ak nast\u00e1v\u00e1 probl\u00e9m, jak vybrat tu spr\u00e1vnou. Je toti\u017e jasn\u00e9, \u017ee zdaleka ne v\u0161echny se hod\u00ed pro v\u0161echny p\u0159\u00edle\u017eitosti. A n\u011bkdy je dokonce lep\u0161\u00ed si do vlas\u016f \u017e\u00e1dnou ozdobu ned\u00e1vat. Jak ale poznat, pro kterou variantu se m\u00e1me rozhodnout?V prvn\u00ed \u0159ad\u011b je to samotn\u00e1 ud\u00e1lost, kter\u00e9 se z\u00fa\u010dastn\u00edme. Pokud jde o b\u011b\u017en\u00fd den, pak je lep\u0161\u00ed zvolit n\u011bco m\u00e9n\u011b v\u00fdrazn\u00e9ho, co p\u0159\u00edli\u0161 nep\u0159itahuje pozornost. Takov\u00fdch v\u0161ak bohu\u017eel p\u0159\u00edli\u0161 nen\u00ed, nebo\u0165 v naprost\u00e9 v\u011bt\u0161in\u011b p\u0159\u00edpad\u016f najdeme v obchodech bly\u0161tiv\u00e9, v\u00fdrazn\u00e9, mnohdy a\u017e k\u00fd\u010dovit\u00e9 dopl\u0148ky. A ty se p\u0159\u00edli\u0161 nehod\u00ed.To sam\u00e9 plat\u00ed, pokud jdeme na n\u011bjak\u00e9 d\u016fle\u017eit\u00e9 obchodn\u00ed jedn\u00e1n\u00ed. V tom p\u0159\u00edpad\u011b je vhodn\u011bj\u0161\u00ed zvolit st\u0159\u00edzliv\u00fd, seri\u00f3zn\u00ed od\u011bv, a n\u011bkter\u00e9 dopl\u0148ky, jako nap\u0159\u00edklad pr\u00e1v\u011b ozdobu do vlas\u016f, nechat doma. Vz\u00edt ji m\u016f\u017eeme tehdy, pokud je nen\u00e1padn\u00e1 a pokud n\u00e1m pom\u00e1h\u00e1 nap\u0159\u00edklad dr\u017eet pramen vlas\u016f z o\u010d\u00ed.Na druhou stranu, pokud se \u00fa\u010dastn\u00edme n\u011bjak\u00e9 z\u00e1bavy \u010di plesu, pak u\u017e m\u016f\u017eeme zvolit n\u011bco v\u00fdrazn\u011bj\u0161\u00edho. Zde to m\u016f\u017ee b\u00fdt dokonce t\u00edm hlavn\u00edm bodem, kter\u00fd p\u0159itahuje pozornost. Jen bychom si m\u011bli d\u00e1t pozor, abychom nesklouzli ke k\u00fd\u010di a aby vhodn\u011b dopl\u0148ovala n\u00e1\u0161 celkov\u00fd vzhled.Faktor\u016f, kter\u00e9 mus\u00edme zv\u00e1\u017eit, je samoz\u0159ejm\u011b je\u0161t\u011b mnohem v\u00edce. Nen\u00ed tedy p\u0159\u00edli\u0161 snadn\u00e9 zvolit spr\u00e1vn\u00fd dopln\u011bk pro spr\u00e1vnou p\u0159\u00edle\u017eitost, ale v\u011b\u0159te, \u017ee to rozhodn\u011b pom\u016f\u017ee k \u00fasp\u011bchu. Rozhodn\u011b tedy stoj\u00ed za to si tu pr\u00e1ci d\u00e1t.                                                                                                                                                                                                                                                                                                                                                                                          4.3\/5 - (9 votes)        "},{"@context":"https:\/\/schema.org\/","@type":"BreadcrumbList","itemListElement":[{"@type":"ListItem","position":1,"name":"Kdy je vhodn\u00e1 ozdoba do vlas\u016f","item":"https:\/\/www.bumbum.cz\/kdy-je-vhodna-ozdoba-do-vlasu\/#breadcrumbitem"}]}]